{"id":12391,"date":"2026-04-27T15:36:31","date_gmt":"2026-04-27T13:36:31","guid":{"rendered":"https:\/\/www.elap.it\/?p=12391"},"modified":"2026-04-27T15:40:02","modified_gmt":"2026-04-27T13:40:02","slug":"chiusura-30-aprile","status":"publish","type":"post","link":"https:\/\/www.elap.it\/it\/chiusura-30-aprile\/","title":{"rendered":"Chiusura 30 aprile"},"content":{"rendered":"<p><strong>Chiusura festivit\u00e0 e ponte 30 aprile &#8211; 1 maggio<\/strong><\/p>\n<p>La societ\u00e0 rester\u00e0 chiusa per ponte e festivit\u00e0 <strong>il 30 aprile e 1 maggio .<\/strong><\/p>\n<p>Saremo regolarmente operativi <strong>dal 4 maggio<\/strong>.<\/p>\n<p>Per ogni necessit\u00e0 potete compilare il <a href=\"https:\/\/www.elap.it\/it\/contatti\/\"><strong>modulo di richiesta informazioni<\/strong><\/a> o contattarci all&#8217;indirizzo e-mail: <strong>info@elap.it<\/strong><\/p>\n<p>Vi contatteremo al nostro rientro. Grazie!<\/p>\n<p><!--more--><img loading=\"lazy\" decoding=\"async\" class=\"alignnone size-medium wp-image-12395\" src=\"https:\/\/www.elap.it\/wp-content\/uploads\/2026\/04\/Chiusura30aprile-350x232.jpg\" alt=\"\" width=\"350\" height=\"232\" srcset=\"https:\/\/www.elap.it\/wp-content\/uploads\/2026\/04\/Chiusura30aprile-350x232.jpg 350w, https:\/\/www.elap.it\/wp-content\/uploads\/2026\/04\/Chiusura30aprile-250x166.jpg 250w, https:\/\/www.elap.it\/wp-content\/uploads\/2026\/04\/Chiusura30aprile-768x509.jpg 768w, https:\/\/www.elap.it\/wp-content\/uploads\/2026\/04\/Chiusura30aprile-261x174.jpg 261w, https:\/\/www.elap.it\/wp-content\/uploads\/2026\/04\/Chiusura30aprile-416x276.jpg 416w, https:\/\/www.elap.it\/wp-content\/uploads\/2026\/04\/Chiusura30aprile.jpg 800w\" sizes=\"auto, (max-width: 350px) 100vw, 350px\" \/><\/p>\n","protected":false},"excerpt":{"rendered":"<p>Chiusura per festivit\u00e0 e ponte: 30 aprile e 1 maggio<\/p>\n","protected":false},"author":2,"featured_media":12395,"comment_status":"closed","ping_status":"open","sticky":true,"template":"","format":"standard","meta":{"_acf_changed":false,"footnotes":""},"categories":[2062],"tags":[2057],"class_list":["post-12391","post","type-post","status-publish","format-standard","has-post-thumbnail","hentry","category-informazioni-aziendali","tag-festivita","sticky"],"acf":[],"yoast_head":"<!-- This site is optimized with the Yoast SEO plugin v26.4 - https:\/\/yoast.com\/wordpress\/plugins\/seo\/ -->\n<title>Chiusura 30 aprile - ELAP<\/title>\n<meta name=\"description\" content=\"Saremo chiusi per festivit\u00e0 dal 3 al 6 aprile\" \/>\n<meta name=\"robots\" content=\"index, follow, max-snippet:-1, max-image-preview:large, max-video-preview:-1\" \/>\n<link rel=\"canonical\" href=\"https:\/\/www.elap.it\/it\/chiusura-30-aprile\/\" \/>\n<meta property=\"og:locale\" content=\"it_IT\" \/>\n<meta property=\"og:type\" content=\"article\" \/>\n<meta property=\"og:title\" content=\"Chiusura 30 aprile - ELAP\" \/>\n<meta property=\"og:description\" content=\"Saremo chiusi per festivit\u00e0 dal 3 al 6 aprile\" \/>\n<meta property=\"og:url\" content=\"https:\/\/www.elap.it\/it\/chiusura-30-aprile\/\" \/>\n<meta property=\"og:site_name\" content=\"ELAP\" \/>\n<meta property=\"article:published_time\" content=\"2026-04-27T13:36:31+00:00\" \/>\n<meta property=\"article:modified_time\" content=\"2026-04-27T13:40:02+00:00\" \/>\n<meta property=\"og:image\" content=\"https:\/\/www.elap.it\/wp-content\/uploads\/2026\/04\/Chiusura30aprile.jpg\" \/>\n\t<meta property=\"og:image:width\" content=\"800\" \/>\n\t<meta property=\"og:image:height\" content=\"530\" \/>\n\t<meta property=\"og:image:type\" content=\"image\/jpeg\" \/>\n<meta name=\"author\" content=\"Valeria Vigentini\" \/>\n<meta name=\"twitter:card\" content=\"summary_large_image\" \/>\n<meta name=\"twitter:label1\" content=\"Scritto da\" \/>\n\t<meta name=\"twitter:data1\" content=\"Valeria Vigentini\" \/>\n\t<meta name=\"twitter:label2\" content=\"Tempo di lettura stimato\" \/>\n\t<meta name=\"twitter:data2\" content=\"1 minuto\" \/>\n<script type=\"application\/ld+json\" class=\"yoast-schema-graph\">{\"@context\":\"https:\/\/schema.org\",\"@graph\":[{\"@type\":\"Article\",\"@id\":\"https:\/\/www.elap.it\/it\/chiusura-30-aprile\/#article\",\"isPartOf\":{\"@id\":\"https:\/\/www.elap.it\/it\/chiusura-30-aprile\/\"},\"author\":{\"name\":\"Valeria Vigentini\",\"@id\":\"https:\/\/www.elap.it\/it\/#\/schema\/person\/0d3862f24fc16d294758f5dd41a924a8\"},\"headline\":\"Chiusura 30 aprile\",\"datePublished\":\"2026-04-27T13:36:31+00:00\",\"dateModified\":\"2026-04-27T13:40:02+00:00\",\"mainEntityOfPage\":{\"@id\":\"https:\/\/www.elap.it\/it\/chiusura-30-aprile\/\"},\"wordCount\":50,\"publisher\":{\"@id\":\"https:\/\/www.elap.it\/it\/#organization\"},\"image\":{\"@id\":\"https:\/\/www.elap.it\/it\/chiusura-30-aprile\/#primaryimage\"},\"thumbnailUrl\":\"https:\/\/www.elap.it\/wp-content\/uploads\/2026\/04\/Chiusura30aprile.jpg\",\"keywords\":[\"festivit\u00e0\"],\"articleSection\":[\"Informazioni Aziendali\"],\"inLanguage\":\"it-IT\"},{\"@type\":\"WebPage\",\"@id\":\"https:\/\/www.elap.it\/it\/chiusura-30-aprile\/\",\"url\":\"https:\/\/www.elap.it\/it\/chiusura-30-aprile\/\",\"name\":\"Chiusura 30 aprile - ELAP\",\"isPartOf\":{\"@id\":\"https:\/\/www.elap.it\/it\/#website\"},\"primaryImageOfPage\":{\"@id\":\"https:\/\/www.elap.it\/it\/chiusura-30-aprile\/#primaryimage\"},\"image\":{\"@id\":\"https:\/\/www.elap.it\/it\/chiusura-30-aprile\/#primaryimage\"},\"thumbnailUrl\":\"https:\/\/www.elap.it\/wp-content\/uploads\/2026\/04\/Chiusura30aprile.jpg\",\"datePublished\":\"2026-04-27T13:36:31+00:00\",\"dateModified\":\"2026-04-27T13:40:02+00:00\",\"description\":\"Saremo chiusi per festivit\u00e0 dal 3 al 6 aprile\",\"breadcrumb\":{\"@id\":\"https:\/\/www.elap.it\/it\/chiusura-30-aprile\/#breadcrumb\"},\"inLanguage\":\"it-IT\",\"potentialAction\":[{\"@type\":\"ReadAction\",\"target\":[\"https:\/\/www.elap.it\/it\/chiusura-30-aprile\/\"]}]},{\"@type\":\"ImageObject\",\"inLanguage\":\"it-IT\",\"@id\":\"https:\/\/www.elap.it\/it\/chiusura-30-aprile\/#primaryimage\",\"url\":\"https:\/\/www.elap.it\/wp-content\/uploads\/2026\/04\/Chiusura30aprile.jpg\",\"contentUrl\":\"https:\/\/www.elap.it\/wp-content\/uploads\/2026\/04\/Chiusura30aprile.jpg\",\"width\":800,\"height\":530},{\"@type\":\"BreadcrumbList\",\"@id\":\"https:\/\/www.elap.it\/it\/chiusura-30-aprile\/#breadcrumb\",\"itemListElement\":[{\"@type\":\"ListItem\",\"position\":1,\"name\":\"Home\",\"item\":\"https:\/\/www.elap.it\/it\/\"},{\"@type\":\"ListItem\",\"position\":2,\"name\":\"Chiusura 30 aprile\"}]},{\"@type\":\"WebSite\",\"@id\":\"https:\/\/www.elap.it\/it\/#website\",\"url\":\"https:\/\/www.elap.it\/it\/\",\"name\":\"ELAP\",\"description\":\"automazione industriale\",\"publisher\":{\"@id\":\"https:\/\/www.elap.it\/it\/#organization\"},\"potentialAction\":[{\"@type\":\"SearchAction\",\"target\":{\"@type\":\"EntryPoint\",\"urlTemplate\":\"https:\/\/www.elap.it\/it\/?s={search_term_string}\"},\"query-input\":{\"@type\":\"PropertyValueSpecification\",\"valueRequired\":true,\"valueName\":\"search_term_string\"}}],\"inLanguage\":\"it-IT\"},{\"@type\":\"Organization\",\"@id\":\"https:\/\/www.elap.it\/it\/#organization\",\"name\":\"Elap Industrial Automation\",\"url\":\"https:\/\/www.elap.it\/it\/\",\"logo\":{\"@type\":\"ImageObject\",\"inLanguage\":\"it-IT\",\"@id\":\"https:\/\/www.elap.it\/it\/#\/schema\/logo\/image\/\",\"url\":\"https:\/\/www.elap.it\/wp-content\/uploads\/2018\/11\/ELAP-Logo-50.png\",\"contentUrl\":\"https:\/\/www.elap.it\/wp-content\/uploads\/2018\/11\/ELAP-Logo-50.png\",\"width\":842,\"height\":596,\"caption\":\"Elap Industrial Automation\"},\"image\":{\"@id\":\"https:\/\/www.elap.it\/it\/#\/schema\/logo\/image\/\"}},{\"@type\":\"Person\",\"@id\":\"https:\/\/www.elap.it\/it\/#\/schema\/person\/0d3862f24fc16d294758f5dd41a924a8\",\"name\":\"Valeria Vigentini\",\"image\":{\"@type\":\"ImageObject\",\"inLanguage\":\"it-IT\",\"@id\":\"https:\/\/www.elap.it\/it\/#\/schema\/person\/image\/\",\"url\":\"https:\/\/secure.gravatar.com\/avatar\/139c93b9358e84c7cb8ada3ef0ad44ce089ad69a196b5e51e6b8d5b179223f15?s=96&d=mm&r=g\",\"contentUrl\":\"https:\/\/secure.gravatar.com\/avatar\/139c93b9358e84c7cb8ada3ef0ad44ce089ad69a196b5e51e6b8d5b179223f15?s=96&d=mm&r=g\",\"caption\":\"Valeria Vigentini\"},\"url\":\"https:\/\/www.elap.it\/it\/author\/valeria\/\"}]}<\/script>\n<!-- \/ Yoast SEO plugin. -->","yoast_head_json":{"title":"Chiusura 30 aprile - ELAP","description":"Saremo chiusi per festivit\u00e0 dal 3 al 6 aprile","robots":{"index":"index","follow":"follow","max-snippet":"max-snippet:-1","max-image-preview":"max-image-preview:large","max-video-preview":"max-video-preview:-1"},"canonical":"https:\/\/www.elap.it\/it\/chiusura-30-aprile\/","og_locale":"it_IT","og_type":"article","og_title":"Chiusura 30 aprile - ELAP","og_description":"Saremo chiusi per festivit\u00e0 dal 3 al 6 aprile","og_url":"https:\/\/www.elap.it\/it\/chiusura-30-aprile\/","og_site_name":"ELAP","article_published_time":"2026-04-27T13:36:31+00:00","article_modified_time":"2026-04-27T13:40:02+00:00","og_image":[{"width":800,"height":530,"url":"https:\/\/www.elap.it\/wp-content\/uploads\/2026\/04\/Chiusura30aprile.jpg","type":"image\/jpeg"}],"author":"Valeria Vigentini","twitter_card":"summary_large_image","twitter_misc":{"Scritto da":"Valeria Vigentini","Tempo di lettura stimato":"1 minuto"},"schema":{"@context":"https:\/\/schema.org","@graph":[{"@type":"Article","@id":"https:\/\/www.elap.it\/it\/chiusura-30-aprile\/#article","isPartOf":{"@id":"https:\/\/www.elap.it\/it\/chiusura-30-aprile\/"},"author":{"name":"Valeria Vigentini","@id":"https:\/\/www.elap.it\/it\/#\/schema\/person\/0d3862f24fc16d294758f5dd41a924a8"},"headline":"Chiusura 30 aprile","datePublished":"2026-04-27T13:36:31+00:00","dateModified":"2026-04-27T13:40:02+00:00","mainEntityOfPage":{"@id":"https:\/\/www.elap.it\/it\/chiusura-30-aprile\/"},"wordCount":50,"publisher":{"@id":"https:\/\/www.elap.it\/it\/#organization"},"image":{"@id":"https:\/\/www.elap.it\/it\/chiusura-30-aprile\/#primaryimage"},"thumbnailUrl":"https:\/\/www.elap.it\/wp-content\/uploads\/2026\/04\/Chiusura30aprile.jpg","keywords":["festivit\u00e0"],"articleSection":["Informazioni Aziendali"],"inLanguage":"it-IT"},{"@type":"WebPage","@id":"https:\/\/www.elap.it\/it\/chiusura-30-aprile\/","url":"https:\/\/www.elap.it\/it\/chiusura-30-aprile\/","name":"Chiusura 30 aprile - ELAP","isPartOf":{"@id":"https:\/\/www.elap.it\/it\/#website"},"primaryImageOfPage":{"@id":"https:\/\/www.elap.it\/it\/chiusura-30-aprile\/#primaryimage"},"image":{"@id":"https:\/\/www.elap.it\/it\/chiusura-30-aprile\/#primaryimage"},"thumbnailUrl":"https:\/\/www.elap.it\/wp-content\/uploads\/2026\/04\/Chiusura30aprile.jpg","datePublished":"2026-04-27T13:36:31+00:00","dateModified":"2026-04-27T13:40:02+00:00","description":"Saremo chiusi per festivit\u00e0 dal 3 al 6 aprile","breadcrumb":{"@id":"https:\/\/www.elap.it\/it\/chiusura-30-aprile\/#breadcrumb"},"inLanguage":"it-IT","potentialAction":[{"@type":"ReadAction","target":["https:\/\/www.elap.it\/it\/chiusura-30-aprile\/"]}]},{"@type":"ImageObject","inLanguage":"it-IT","@id":"https:\/\/www.elap.it\/it\/chiusura-30-aprile\/#primaryimage","url":"https:\/\/www.elap.it\/wp-content\/uploads\/2026\/04\/Chiusura30aprile.jpg","contentUrl":"https:\/\/www.elap.it\/wp-content\/uploads\/2026\/04\/Chiusura30aprile.jpg","width":800,"height":530},{"@type":"BreadcrumbList","@id":"https:\/\/www.elap.it\/it\/chiusura-30-aprile\/#breadcrumb","itemListElement":[{"@type":"ListItem","position":1,"name":"Home","item":"https:\/\/www.elap.it\/it\/"},{"@type":"ListItem","position":2,"name":"Chiusura 30 aprile"}]},{"@type":"WebSite","@id":"https:\/\/www.elap.it\/it\/#website","url":"https:\/\/www.elap.it\/it\/","name":"ELAP","description":"automazione industriale","publisher":{"@id":"https:\/\/www.elap.it\/it\/#organization"},"potentialAction":[{"@type":"SearchAction","target":{"@type":"EntryPoint","urlTemplate":"https:\/\/www.elap.it\/it\/?s={search_term_string}"},"query-input":{"@type":"PropertyValueSpecification","valueRequired":true,"valueName":"search_term_string"}}],"inLanguage":"it-IT"},{"@type":"Organization","@id":"https:\/\/www.elap.it\/it\/#organization","name":"Elap Industrial Automation","url":"https:\/\/www.elap.it\/it\/","logo":{"@type":"ImageObject","inLanguage":"it-IT","@id":"https:\/\/www.elap.it\/it\/#\/schema\/logo\/image\/","url":"https:\/\/www.elap.it\/wp-content\/uploads\/2018\/11\/ELAP-Logo-50.png","contentUrl":"https:\/\/www.elap.it\/wp-content\/uploads\/2018\/11\/ELAP-Logo-50.png","width":842,"height":596,"caption":"Elap Industrial Automation"},"image":{"@id":"https:\/\/www.elap.it\/it\/#\/schema\/logo\/image\/"}},{"@type":"Person","@id":"https:\/\/www.elap.it\/it\/#\/schema\/person\/0d3862f24fc16d294758f5dd41a924a8","name":"Valeria Vigentini","image":{"@type":"ImageObject","inLanguage":"it-IT","@id":"https:\/\/www.elap.it\/it\/#\/schema\/person\/image\/","url":"https:\/\/secure.gravatar.com\/avatar\/139c93b9358e84c7cb8ada3ef0ad44ce089ad69a196b5e51e6b8d5b179223f15?s=96&d=mm&r=g","contentUrl":"https:\/\/secure.gravatar.com\/avatar\/139c93b9358e84c7cb8ada3ef0ad44ce089ad69a196b5e51e6b8d5b179223f15?s=96&d=mm&r=g","caption":"Valeria Vigentini"},"url":"https:\/\/www.elap.it\/it\/author\/valeria\/"}]}},"_links":{"self":[{"href":"https:\/\/www.elap.it\/it\/wp-json\/wp\/v2\/posts\/12391","targetHints":{"allow":["GET"]}}],"collection":[{"href":"https:\/\/www.elap.it\/it\/wp-json\/wp\/v2\/posts"}],"about":[{"href":"https:\/\/www.elap.it\/it\/wp-json\/wp\/v2\/types\/post"}],"author":[{"embeddable":true,"href":"https:\/\/www.elap.it\/it\/wp-json\/wp\/v2\/users\/2"}],"replies":[{"embeddable":true,"href":"https:\/\/www.elap.it\/it\/wp-json\/wp\/v2\/comments?post=12391"}],"version-history":[{"count":2,"href":"https:\/\/www.elap.it\/it\/wp-json\/wp\/v2\/posts\/12391\/revisions"}],"predecessor-version":[{"id":12399,"href":"https:\/\/www.elap.it\/it\/wp-json\/wp\/v2\/posts\/12391\/revisions\/12399"}],"wp:featuredmedia":[{"embeddable":true,"href":"https:\/\/www.elap.it\/it\/wp-json\/wp\/v2\/media\/12395"}],"wp:attachment":[{"href":"https:\/\/www.elap.it\/it\/wp-json\/wp\/v2\/media?parent=12391"}],"wp:term":[{"taxonomy":"category","embeddable":true,"href":"https:\/\/www.elap.it\/it\/wp-json\/wp\/v2\/categories?post=12391"},{"taxonomy":"post_tag","embeddable":true,"href":"https:\/\/www.elap.it\/it\/wp-json\/wp\/v2\/tags?post=12391"}],"curies":[{"name":"wp","href":"https:\/\/api.w.org\/{rel}","templated":true}]}}